{"id":2521,"date":"2026-09-04T17:49:04","date_gmt":"2026-09-04T17:49:04","guid":{"rendered":"https:\/\/izn-nord.net\/?p=2521"},"modified":"2026-09-04T22:02:06","modified_gmt":"2026-09-04T22:02:06","slug":"meisterfeier-kick-off-28-08-26","status":"publish","type":"post","link":"https:\/\/izn-nord.net\/?p=2521","title":{"rendered":"IZN Meisterfeier + Kick Off am 28.08.2026"},"content":{"rendered":"\n<p>Am 28.08.2026 fand ab 15 Uhr die diesj\u00e4hrige Meisterfeier + Kick Off des Instituts des Zahntechnikerhandwerks in Niedersachsen und Bremen e.V. im gro\u00dfen Laborraum des IZN in Garbsen statt. Die Feier bildete zugleich den Auftakt f\u00fcr den neuen berufsbegleitenden Meisterlehrgang, der noch am gleichen Abend mit bestens motivierten Teilnehmer*innen startete.<\/p>\n\n\n\n<p>Nach erfolgreich abgelegter Meisterpr\u00fcfung im Zahntechnikerhandwerk wurde den stolzen und gl\u00fccklichen Absolvent*innen der Meisterbrief im Beisein von Familienangeh\u00f6rigen und Freunden in feierlichem Rahmen und begleitet von Applaus \u00fcberreicht. <\/p>\n\n\n\n<p>In den Ansprachen des Gesch\u00e4ftsf\u00fchrers des IZN Jens Diedrich und des stellvertretenden Obermeisters der Zahntechnikerinnung Thorsten Kordes wurden anerkennend die besonderen Leistungen, das Engagement und Durchhalteverm\u00f6gen der Meistersch\u00fcler*innen gew\u00fcrdigt, die sich \u00fcber mehrere Jahre mit der Absolvierung der Teile III (Wirtschaft und Recht) und IV (Berufs- und Arbeitsp\u00e4dagogik) und in den Teilen I und II (Fachpraxis und Fachtheorie) auf die Meisterpr\u00fcfung vorbereitet haben.<\/p>\n\n\n\n<p>Dabei wurde auch die besondere Bedeutung des Meisterbriefes als Markenzeichen f\u00fcr Qualit\u00e4t, Fachkompetenz und verantwortungsvolles Handeln mit einem nach wie vor hohen gesellschaftlichen Ansehen hervorgehoben. Die Teilnehmer*innen haben nicht nur ihr handwerkliches Know how vertieft, sondern sich auch fundierte Kenntnisse \u00fcber die neuesten technologischen Entwicklungen der Zahntechnik angeeignet. Als kreative K\u00f6pfe und Innovator*innen leisten sie einen wertvollen Beitrag zur Weiterentwicklung des Zahntechnikerhandwerks und tragen mit individuellen, l\u00f6sungsorientierten Arbeiten dazu bei, die Lebensqualit\u00e4t der Menschen zu verbessern.<\/p>\n\n\n\n<p>Mit dem Meisterabschluss erwerben sie zugleich wichtige Voraussetzungen, um eine F\u00fchrungsposition zu \u00fcbernehmen oder einen zahntechnischen Betrieb fachlich und wirtschaftlich \u2013 auch unter herausfordernden Rahmenbedingungen \u2013 erfolgreich zu leiten. Dar\u00fcber hinaus berechtigt der Meisterbrief zur Ausbildung des zahntechnischen Nachwuchses.<\/p>\n\n\n\n<p>Ein besonderer Dank galt den Ausbilder*innen<em>, <\/em>die die Meistersch\u00fcler*innen w\u00e4hrend ihrer Meistervorbereitung begleitet haben. Stellvertretend f\u00fcr die Absolvent*innen bedankte sich ein frischgebackener Meister mit bewegenden Worten und kleinen Geschenken f\u00fcr die wertvolle Unterst\u00fctzung und das pers\u00f6nliche Engagement.<\/p>\n\n\n\n<p>Beim anschlie\u00dfenden Empfang konnten sich die Absolvent*innen, Ausbilder*innen, Familienangeh\u00f6rige und Freunde in lockerer Atmosph\u00e4re und bei erfrischenden Getr\u00e4nken austauschen und die gemeinsamen Erfolge geb\u00fchrend feiern.<\/p>\n\n\n\n<p>Wir w\u00fcnschen f\u00fcr die berufliche Zukunft alles Gute, weiterhin viel Erfolg und Freude am Zahntechnikerhandwerk!<\/p>\n\n\n\n<p><\/p>\n\n\n\nngg_shortcode_0_placeholder\n\n\n\n<p>Fotos: \u00a9Job<\/p>\n","protected":false},"excerpt":{"rendered":"<p>Am 28.08.2026 fand ab 15 Uhr die diesj\u00e4hrige Meisterfeier + Kick Off des Instituts des Zahntechnikerhandwerks in Niedersachsen und Bremen e.V. im gro\u00dfen Laborraum des IZN in Garbsen statt. Die Feier bildete zugleich den Auftakt f\u00fcr den neuen berufsbegleitenden Meisterlehrgang, der noch am gleichen Abend mit bestens motivierten Teilnehmer*innen startete. Nach erfolgreich abgelegter Meisterpr\u00fcfung im Zahntechnikerhandwerk wurde den stolzen und<\/p>\n<div class=\"read-more\"><a class=\"more-link\" href=\"https:\/\/izn-nord.net\/?p=2521\">Read More &#8230;<\/a><\/div>\n","protected":false},"author":6,"featured_media":2523,"comment_status":"closed","ping_status":"closed","sticky":true,"template":"","format":"standard","meta":{"ngg_post_thumbnail":0,"footnotes":"","_glsr_average":0,"_glsr_ranking":0,"_glsr_reviews":0},"categories":[1],"tags":[],"yoast_head":"<!-- This site is optimized with the Yoast SEO plugin v23.1 - https:\/\/yoast.com\/wordpress\/plugins\/seo\/ -->\n<title>IZN Meisterfeier + Kick Off am 28.08.2026<\/title>\n<meta name=\"description\" content=\"Meistervorbereitungslehrg\u00e4nge, Gesellenvorbereitungskurse, Fachpraxisseminare, \u00dcberbetriebliche Lehrlingsausbildung\" \/>\n<meta name=\"robots\" content=\"index, follow, max-snippet:-1, max-image-preview:large, max-video-preview:-1\" \/>\n<link rel=\"canonical\" href=\"https:\/\/izn-nord.net\/?p=2521\" \/>\n<meta property=\"og:locale\" content=\"de_DE\" \/>\n<meta property=\"og:type\" content=\"article\" \/>\n<meta property=\"og:title\" content=\"IZN Meisterfeier + Kick Off am 28.08.2026\" \/>\n<meta property=\"og:description\" content=\"Meistervorbereitungslehrg\u00e4nge, Gesellenvorbereitungskurse, Fachpraxisseminare, \u00dcberbetriebliche Lehrlingsausbildung\" \/>\n<meta property=\"og:url\" content=\"https:\/\/izn-nord.net\/?p=2521\" \/>\n<meta property=\"og:site_name\" content=\"IZN-Nord\" \/>\n<meta property=\"article:published_time\" content=\"2026-09-04T17:49:04+00:00\" \/>\n<meta property=\"article:modified_time\" content=\"2026-09-04T22:02:06+00:00\" \/>\n<meta property=\"og:image\" content=\"https:\/\/izn-nord.net\/wp-content\/uploads\/2026\/09\/IZN_Meisterfeier_Website_9_25-izn-hannover-garbsen.jpg\" \/>\n\t<meta property=\"og:image:width\" content=\"1653\" \/>\n\t<meta property=\"og:image:height\" content=\"992\" \/>\n\t<meta property=\"og:image:type\" content=\"image\/jpeg\" \/>\n<meta name=\"author\" content=\"MJ\" \/>\n<meta name=\"twitter:card\" content=\"summary_large_image\" \/>\n<meta name=\"twitter:label1\" content=\"Verfasst von\" \/>\n\t<meta name=\"twitter:data1\" content=\"MJ\" \/>\n\t<meta name=\"twitter:label2\" content=\"Gesch\u00e4tzte Lesezeit\" \/>\n\t<meta name=\"twitter:data2\" content=\"3 Minuten\" \/>\n<script type=\"application\/ld+json\" class=\"yoast-schema-graph\">{\"@context\":\"https:\/\/schema.org\",\"@graph\":[{\"@type\":\"Article\",\"@id\":\"https:\/\/izn-nord.net\/?p=2521#article\",\"isPartOf\":{\"@id\":\"https:\/\/izn-nord.net\/?p=2521\"},\"author\":{\"name\":\"MJ\",\"@id\":\"https:\/\/izn-nord.net\/#\/schema\/person\/508f01e90c5710fdfec0e000e5062fe9\"},\"headline\":\"IZN Meisterfeier + Kick Off am 28.08.2026\",\"datePublished\":\"2026-09-04T17:49:04+00:00\",\"dateModified\":\"2026-09-04T22:02:06+00:00\",\"mainEntityOfPage\":{\"@id\":\"https:\/\/izn-nord.net\/?p=2521\"},\"wordCount\":386,\"publisher\":{\"@id\":\"https:\/\/izn-nord.net\/#organization\"},\"image\":{\"@id\":\"https:\/\/izn-nord.net\/?p=2521#primaryimage\"},\"thumbnailUrl\":\"https:\/\/izn-nord.net\/wp-content\/uploads\/2026\/09\/IZN_Meisterfeier_Website_9_25-izn-hannover-garbsen.jpg\",\"articleSection\":[\"Uncategorized\"],\"inLanguage\":\"de-DE\"},{\"@type\":\"WebPage\",\"@id\":\"https:\/\/izn-nord.net\/?p=2521\",\"url\":\"https:\/\/izn-nord.net\/?p=2521\",\"name\":\"IZN Meisterfeier + Kick Off am 28.08.2026\",\"isPartOf\":{\"@id\":\"https:\/\/izn-nord.net\/#website\"},\"primaryImageOfPage\":{\"@id\":\"https:\/\/izn-nord.net\/?p=2521#primaryimage\"},\"image\":{\"@id\":\"https:\/\/izn-nord.net\/?p=2521#primaryimage\"},\"thumbnailUrl\":\"https:\/\/izn-nord.net\/wp-content\/uploads\/2026\/09\/IZN_Meisterfeier_Website_9_25-izn-hannover-garbsen.jpg\",\"datePublished\":\"2026-09-04T17:49:04+00:00\",\"dateModified\":\"2026-09-04T22:02:06+00:00\",\"description\":\"Meistervorbereitungslehrg\u00e4nge, Gesellenvorbereitungskurse, Fachpraxisseminare, \u00dcberbetriebliche Lehrlingsausbildung\",\"inLanguage\":\"de-DE\",\"potentialAction\":[{\"@type\":\"ReadAction\",\"target\":[\"https:\/\/izn-nord.net\/?p=2521\"]}]},{\"@type\":\"ImageObject\",\"inLanguage\":\"de-DE\",\"@id\":\"https:\/\/izn-nord.net\/?p=2521#primaryimage\",\"url\":\"https:\/\/izn-nord.net\/wp-content\/uploads\/2026\/09\/IZN_Meisterfeier_Website_9_25-izn-hannover-garbsen.jpg\",\"contentUrl\":\"https:\/\/izn-nord.net\/wp-content\/uploads\/2026\/09\/IZN_Meisterfeier_Website_9_25-izn-hannover-garbsen.jpg\",\"width\":1653,\"height\":992,\"caption\":\"Text: IZN Meisterfeier 28.08.25 auf blauem Balken mit kleinem gelben Balken links oben, darunter sind 4 Fotos angeordnet, auf denen Meisterkursabsolvent*innen mit Ihren Meisterbriefen zu sehen sind.\"},{\"@type\":\"WebSite\",\"@id\":\"https:\/\/izn-nord.net\/#website\",\"url\":\"https:\/\/izn-nord.net\/\",\"name\":\"IZN-Nord\",\"description\":\"Mit Biss f\u00fcr Ihre Z\u00e4hne\",\"publisher\":{\"@id\":\"https:\/\/izn-nord.net\/#organization\"},\"alternateName\":\"Institut des Zahntechnikerhandwerks in Niedersachsen und Bremen e.V.\",\"potentialAction\":[{\"@type\":\"SearchAction\",\"target\":{\"@type\":\"EntryPoint\",\"urlTemplate\":\"https:\/\/izn-nord.net\/?s={search_term_string}\"},\"query-input\":\"required name=search_term_string\"}],\"inLanguage\":\"de-DE\"},{\"@type\":\"Organization\",\"@id\":\"https:\/\/izn-nord.net\/#organization\",\"name\":\"IZN Nord\",\"alternateName\":\"Institut des Zahntechnikerhandwerks in Niedersachsen und Bremen e.V.\",\"url\":\"https:\/\/izn-nord.net\/\",\"logo\":{\"@type\":\"ImageObject\",\"inLanguage\":\"de-DE\",\"@id\":\"https:\/\/izn-nord.net\/#\/schema\/logo\/image\/\",\"url\":\"https:\/\/izn-nord.net\/wp-content\/uploads\/2023\/11\/IZN_Logo_Website_696x696Px_11_23.jpg\",\"contentUrl\":\"https:\/\/izn-nord.net\/wp-content\/uploads\/2023\/11\/IZN_Logo_Website_696x696Px_11_23.jpg\",\"width\":696,\"height\":696,\"caption\":\"IZN Nord\"},\"image\":{\"@id\":\"https:\/\/izn-nord.net\/#\/schema\/logo\/image\/\"},\"sameAs\":[\"https:\/\/www.instagram.com\/izn.nord\/?hl=de\"]},{\"@type\":\"Person\",\"@id\":\"https:\/\/izn-nord.net\/#\/schema\/person\/508f01e90c5710fdfec0e000e5062fe9\",\"name\":\"MJ\",\"image\":{\"@type\":\"ImageObject\",\"inLanguage\":\"de-DE\",\"@id\":\"https:\/\/izn-nord.net\/#\/schema\/person\/image\/\",\"url\":\"https:\/\/secure.gravatar.com\/avatar\/a847a753e24aef48c3f650645aaa8b4c?s=96&d=mm&r=g\",\"contentUrl\":\"https:\/\/secure.gravatar.com\/avatar\/a847a753e24aef48c3f650645aaa8b4c?s=96&d=mm&r=g\",\"caption\":\"MJ\"},\"url\":\"https:\/\/izn-nord.net\/?author=6\"}]}<\/script>\n<!-- \/ Yoast SEO plugin. -->","yoast_head_json":{"title":"IZN Meisterfeier + Kick Off am 28.08.2026","description":"Meistervorbereitungslehrg\u00e4nge, Gesellenvorbereitungskurse, Fachpraxisseminare, \u00dcberbetriebliche Lehrlingsausbildung","robots":{"index":"index","follow":"follow","max-snippet":"max-snippet:-1","max-image-preview":"max-image-preview:large","max-video-preview":"max-video-preview:-1"},"canonical":"https:\/\/izn-nord.net\/?p=2521","og_locale":"de_DE","og_type":"article","og_title":"IZN Meisterfeier + Kick Off am 28.08.2026","og_description":"Meistervorbereitungslehrg\u00e4nge, Gesellenvorbereitungskurse, Fachpraxisseminare, \u00dcberbetriebliche Lehrlingsausbildung","og_url":"https:\/\/izn-nord.net\/?p=2521","og_site_name":"IZN-Nord","article_published_time":"2026-09-04T17:49:04+00:00","article_modified_time":"2026-09-04T22:02:06+00:00","og_image":[{"width":1653,"height":992,"url":"https:\/\/izn-nord.net\/wp-content\/uploads\/2026\/09\/IZN_Meisterfeier_Website_9_25-izn-hannover-garbsen.jpg","type":"image\/jpeg"}],"author":"MJ","twitter_card":"summary_large_image","twitter_misc":{"Verfasst von":"MJ","Gesch\u00e4tzte Lesezeit":"3 Minuten"},"schema":{"@context":"https:\/\/schema.org","@graph":[{"@type":"Article","@id":"https:\/\/izn-nord.net\/?p=2521#article","isPartOf":{"@id":"https:\/\/izn-nord.net\/?p=2521"},"author":{"name":"MJ","@id":"https:\/\/izn-nord.net\/#\/schema\/person\/508f01e90c5710fdfec0e000e5062fe9"},"headline":"IZN Meisterfeier + Kick Off am 28.08.2026","datePublished":"2026-09-04T17:49:04+00:00","dateModified":"2026-09-04T22:02:06+00:00","mainEntityOfPage":{"@id":"https:\/\/izn-nord.net\/?p=2521"},"wordCount":386,"publisher":{"@id":"https:\/\/izn-nord.net\/#organization"},"image":{"@id":"https:\/\/izn-nord.net\/?p=2521#primaryimage"},"thumbnailUrl":"https:\/\/izn-nord.net\/wp-content\/uploads\/2026\/09\/IZN_Meisterfeier_Website_9_25-izn-hannover-garbsen.jpg","articleSection":["Uncategorized"],"inLanguage":"de-DE"},{"@type":"WebPage","@id":"https:\/\/izn-nord.net\/?p=2521","url":"https:\/\/izn-nord.net\/?p=2521","name":"IZN Meisterfeier + Kick Off am 28.08.2026","isPartOf":{"@id":"https:\/\/izn-nord.net\/#website"},"primaryImageOfPage":{"@id":"https:\/\/izn-nord.net\/?p=2521#primaryimage"},"image":{"@id":"https:\/\/izn-nord.net\/?p=2521#primaryimage"},"thumbnailUrl":"https:\/\/izn-nord.net\/wp-content\/uploads\/2026\/09\/IZN_Meisterfeier_Website_9_25-izn-hannover-garbsen.jpg","datePublished":"2026-09-04T17:49:04+00:00","dateModified":"2026-09-04T22:02:06+00:00","description":"Meistervorbereitungslehrg\u00e4nge, Gesellenvorbereitungskurse, Fachpraxisseminare, \u00dcberbetriebliche Lehrlingsausbildung","inLanguage":"de-DE","potentialAction":[{"@type":"ReadAction","target":["https:\/\/izn-nord.net\/?p=2521"]}]},{"@type":"ImageObject","inLanguage":"de-DE","@id":"https:\/\/izn-nord.net\/?p=2521#primaryimage","url":"https:\/\/izn-nord.net\/wp-content\/uploads\/2026\/09\/IZN_Meisterfeier_Website_9_25-izn-hannover-garbsen.jpg","contentUrl":"https:\/\/izn-nord.net\/wp-content\/uploads\/2026\/09\/IZN_Meisterfeier_Website_9_25-izn-hannover-garbsen.jpg","width":1653,"height":992,"caption":"Text: IZN Meisterfeier 28.08.25 auf blauem Balken mit kleinem gelben Balken links oben, darunter sind 4 Fotos angeordnet, auf denen Meisterkursabsolvent*innen mit Ihren Meisterbriefen zu sehen sind."},{"@type":"WebSite","@id":"https:\/\/izn-nord.net\/#website","url":"https:\/\/izn-nord.net\/","name":"IZN-Nord","description":"Mit Biss f\u00fcr Ihre Z\u00e4hne","publisher":{"@id":"https:\/\/izn-nord.net\/#organization"},"alternateName":"Institut des Zahntechnikerhandwerks in Niedersachsen und Bremen e.V.","potentialAction":[{"@type":"SearchAction","target":{"@type":"EntryPoint","urlTemplate":"https:\/\/izn-nord.net\/?s={search_term_string}"},"query-input":"required name=search_term_string"}],"inLanguage":"de-DE"},{"@type":"Organization","@id":"https:\/\/izn-nord.net\/#organization","name":"IZN Nord","alternateName":"Institut des Zahntechnikerhandwerks in Niedersachsen und Bremen e.V.","url":"https:\/\/izn-nord.net\/","logo":{"@type":"ImageObject","inLanguage":"de-DE","@id":"https:\/\/izn-nord.net\/#\/schema\/logo\/image\/","url":"https:\/\/izn-nord.net\/wp-content\/uploads\/2023\/11\/IZN_Logo_Website_696x696Px_11_23.jpg","contentUrl":"https:\/\/izn-nord.net\/wp-content\/uploads\/2023\/11\/IZN_Logo_Website_696x696Px_11_23.jpg","width":696,"height":696,"caption":"IZN Nord"},"image":{"@id":"https:\/\/izn-nord.net\/#\/schema\/logo\/image\/"},"sameAs":["https:\/\/www.instagram.com\/izn.nord\/?hl=de"]},{"@type":"Person","@id":"https:\/\/izn-nord.net\/#\/schema\/person\/508f01e90c5710fdfec0e000e5062fe9","name":"MJ","image":{"@type":"ImageObject","inLanguage":"de-DE","@id":"https:\/\/izn-nord.net\/#\/schema\/person\/image\/","url":"https:\/\/secure.gravatar.com\/avatar\/a847a753e24aef48c3f650645aaa8b4c?s=96&d=mm&r=g","contentUrl":"https:\/\/secure.gravatar.com\/avatar\/a847a753e24aef48c3f650645aaa8b4c?s=96&d=mm&r=g","caption":"MJ"},"url":"https:\/\/izn-nord.net\/?author=6"}]}},"_links":{"self":[{"href":"https:\/\/izn-nord.net\/index.php?rest_route=\/wp\/v2\/posts\/2521"}],"collection":[{"href":"https:\/\/izn-nord.net\/index.php?rest_route=\/wp\/v2\/posts"}],"about":[{"href":"https:\/\/izn-nord.net\/index.php?rest_route=\/wp\/v2\/types\/post"}],"author":[{"embeddable":true,"href":"https:\/\/izn-nord.net\/index.php?rest_route=\/wp\/v2\/users\/6"}],"replies":[{"embeddable":true,"href":"https:\/\/izn-nord.net\/index.php?rest_route=%2Fwp%2Fv2%2Fcomments&post=2521"}],"version-history":[{"count":26,"href":"https:\/\/izn-nord.net\/index.php?rest_route=\/wp\/v2\/posts\/2521\/revisions"}],"predecessor-version":[{"id":2624,"href":"https:\/\/izn-nord.net\/index.php?rest_route=\/wp\/v2\/posts\/2521\/revisions\/2624"}],"wp:featuredmedia":[{"embeddable":true,"href":"https:\/\/izn-nord.net\/index.php?rest_route=\/wp\/v2\/media\/2523"}],"wp:attachment":[{"href":"https:\/\/izn-nord.net\/index.php?rest_route=%2Fwp%2Fv2%2Fmedia&parent=2521"}],"wp:term":[{"taxonomy":"category","embeddable":true,"href":"https:\/\/izn-nord.net\/index.php?rest_route=%2Fwp%2Fv2%2Fcategories&post=2521"},{"taxonomy":"post_tag","embeddable":true,"href":"https:\/\/izn-nord.net\/index.php?rest_route=%2Fwp%2Fv2%2Ftags&post=2521"}],"curies":[{"name":"wp","href":"https:\/\/api.w.org\/{rel}","templated":true}]}}